{"id":5602,"date":"2025-07-17T12:39:04","date_gmt":"2025-07-17T12:39:04","guid":{"rendered":"https:\/\/pp-grabovaca.hr\/?p=5602"},"modified":"2025-07-17T12:39:04","modified_gmt":"2025-07-17T12:39:04","slug":"sutra-otvorenje-djecje-planinarske-poucne-staze-u-pecinskom-parku-grabovaca","status":"publish","type":"post","link":"https:\/\/pp-grabovaca.hr\/en\/2025\/07\/17\/sutra-otvorenje-djecje-planinarske-poucne-staze-u-pecinskom-parku-grabovaca\/","title":{"rendered":"SUTRA OTVORENJE DJE\u010cJE PLANINARSKE POU\u010cNE STAZE U PE\u0106INSKOM PARKU GRABOVA\u010cA"},"content":{"rendered":"<p>Pe\u0107inski park Grabova\u010da od sutra \u0107e biti bogatiji za jo\u0161 jedan zanimljiv sadr\u017eaj \u2013 novu <strong>dje\u010dju planinarsku pou\u010dnu stazu<\/strong> dugu <strong>1,3 km<\/strong>, koja \u0107e sve\u010dano biti otvorena, 18. srpnja 2025. godine u 11 sati! \u00a0Dje\u010dja planinarska pou\u010dna staza \u201eFlora\u201c smje\u0161tena je u blizini suvenirnice i Ulaza 1 u Pe\u0107inski park Grabova\u010da. Idealna duljina, slikoviti krajolici i raznovrsni sadr\u017eaji \u010dine ovu stazu nezaobilaznom atrakcijom za sve koji \u017eele spojiti rekreaciju, edukaciju i dobru zabavu s najmla\u0111ima. Staza je osmi\u0161ljena kao mjesto gdje djeca kroz igru mogu zavoljeti prirodu. U suvenirnici Pe\u0107inskog parka besplatno se mo\u017ee preuzeti <strong><em>Dje\u010dji planinarski dnevnik<\/em><\/strong>, koji uz kartu staze sadr\u017ei i prostor za otiske pe\u010data s kontrolnih to\u010daka. Na kontrolnim to\u010dkama djeca mogu u\u017eivati u odmori\u0161tima na kojima su postavljene klupe i stolovi, edukativni panoi i sprave za igru.<\/p>\n<p>Otvorenje staze bit \u0107e popra\u0107eno animacijom za djecu, stru\u010dnim vo\u0111enjem i dru\u017eenjem u prirodi, a svi posjetitelji su dobrodo\u0161li!<\/p>\n<p>&nbsp;<\/p>","protected":false},"excerpt":{"rendered":"<p>Pe\u0107inski park Grabova\u010da od sutra \u0107e biti bogatiji za jo\u0161 jedan zanimljiv sadr\u017eaj \u2013 novu dje\u010dju planinarsku pou\u010dnu stazu dugu 1,3 km, koja \u0107e sve\u010dano biti otvorena, 18. srpnja 2025. godine u 11 sati! \u00a0Dje\u010dja planinarska pou\u010dna staza \u201eFlora\u201c smje\u0161tena je u blizini suvenirnice i Ulaza 1 u Pe\u0107inski park Grabova\u010da. Idealna duljina, slikoviti krajolici [&hellip;]<\/p>\n","protected":false},"author":3,"featured_media":5603,"comment_status":"open","ping_status":"open","sticky":false,"template":"","format":"standard","meta":{"inline_featured_image":false,"_monsterinsights_skip_tracking":false,"_monsterinsights_sitenote_active":false,"_monsterinsights_sitenote_note":"","_monsterinsights_sitenote_category":0,"ocean_post_layout":"","ocean_both_sidebars_style":"","ocean_both_sidebars_content_width":0,"ocean_both_sidebars_sidebars_width":0,"ocean_sidebar":"0","ocean_second_sidebar":"0","ocean_disable_margins":"enable","ocean_add_body_class":"","ocean_shortcode_before_top_bar":"","ocean_shortcode_after_top_bar":"","ocean_shortcode_before_header":"","ocean_shortcode_after_header":"","ocean_has_shortcode":"","ocean_shortcode_after_title":"","ocean_shortcode_before_footer_widgets":"","ocean_shortcode_after_footer_widgets":"","ocean_shortcode_before_footer_bottom":"","ocean_shortcode_after_footer_bottom":"","ocean_display_top_bar":"default","ocean_display_header":"default","ocean_header_style":"","ocean_center_header_left_menu":"0","ocean_custom_header_template":"0","ocean_custom_logo":0,"ocean_custom_retina_logo":0,"ocean_custom_logo_max_width":0,"ocean_custom_logo_tablet_max_width":0,"ocean_custom_logo_mobile_max_width":0,"ocean_custom_logo_max_height":0,"ocean_custom_logo_tablet_max_height":0,"ocean_custom_logo_mobile_max_height":0,"ocean_header_custom_menu":"0","ocean_menu_typo_font_family":"0","ocean_menu_typo_font_subset":"","ocean_menu_typo_font_size":0,"ocean_menu_typo_font_size_tablet":0,"ocean_menu_typo_font_size_mobile":0,"ocean_menu_typo_font_size_unit":"px","ocean_menu_typo_font_weight":"","ocean_menu_typo_font_weight_tablet":"","ocean_menu_typo_font_weight_mobile":"","ocean_menu_typo_transform":"","ocean_menu_typo_transform_tablet":"","ocean_menu_typo_transform_mobile":"","ocean_menu_typo_line_height":0,"ocean_menu_typo_line_height_tablet":0,"ocean_menu_typo_line_height_mobile":0,"ocean_menu_typo_line_height_unit":"","ocean_menu_typo_spacing":0,"ocean_menu_typo_spacing_tablet":0,"ocean_menu_typo_spacing_mobile":0,"ocean_menu_typo_spacing_unit":"","ocean_menu_link_color":"","ocean_menu_link_color_hover":"","ocean_menu_link_color_active":"","ocean_menu_link_background":"","ocean_menu_link_hover_background":"","ocean_menu_link_active_background":"","ocean_menu_social_links_bg":"","ocean_menu_social_hover_links_bg":"","ocean_menu_social_links_color":"","ocean_menu_social_hover_links_color":"","ocean_disable_title":"default","ocean_disable_heading":"default","ocean_post_title":"","ocean_post_subheading":"","ocean_post_title_style":"","ocean_post_title_background_color":"","ocean_post_title_background":0,"ocean_post_title_bg_image_position":"","ocean_post_title_bg_image_attachment":"","ocean_post_title_bg_image_repeat":"","ocean_post_title_bg_image_size":"","ocean_post_title_height":0,"ocean_post_title_bg_overlay":0.5,"ocean_post_title_bg_overlay_color":"","ocean_disable_breadcrumbs":"default","ocean_breadcrumbs_color":"","ocean_breadcrumbs_separator_color":"","ocean_breadcrumbs_links_color":"","ocean_breadcrumbs_links_hover_color":"","ocean_display_footer_widgets":"default","ocean_display_footer_bottom":"default","ocean_custom_footer_template":"0","_jet_sm_ready_style":"","_jet_sm_style":"","_jet_sm_controls_values":"","_jet_sm_fonts_collection":"","_jet_sm_fonts_links":"","ocean_post_oembed":"","ocean_post_self_hosted_media":"","ocean_post_video_embed":"","ocean_link_format":"","ocean_link_format_target":"self","ocean_quote_format":"","ocean_quote_format_link":"post","ocean_gallery_link_images":"on","ocean_gallery_id":[],"footnotes":""},"categories":[1],"tags":[],"class_list":["post-5602","post","type-post","status-publish","format-standard","has-post-thumbnail","hentry","category-najnoviji-clanci","entry","has-media"],"yoast_head":"<!-- This site is optimized with the Yoast SEO plugin v27.5 - https:\/\/yoast.com\/product\/yoast-seo-wordpress\/ -->\n<title>SUTRA OTVORENJE DJE\u010cJE PLANINARSKE POU\u010cNE STAZE U PE\u0106INSKOM PARKU GRABOVA\u010cA - Pe\u0107inski park Grabova\u010da<\/title>\n<meta name=\"robots\" content=\"index, follow, max-snippet:-1, max-image-preview:large, max-video-preview:-1\" \/>\n<link rel=\"canonical\" href=\"https:\/\/pp-grabovaca.hr\/en\/2025\/07\/17\/sutra-otvorenje-djecje-planinarske-poucne-staze-u-pecinskom-parku-grabovaca\/\" \/>\n<meta property=\"og:locale\" content=\"en_US\" \/>\n<meta property=\"og:type\" content=\"article\" \/>\n<meta property=\"og:title\" content=\"SUTRA OTVORENJE DJE\u010cJE PLANINARSKE POU\u010cNE STAZE U PE\u0106INSKOM PARKU GRABOVA\u010cA - Pe\u0107inski park Grabova\u010da\" \/>\n<meta property=\"og:description\" content=\"Pe\u0107inski park Grabova\u010da od sutra \u0107e biti bogatiji za jo\u0161 jedan zanimljiv sadr\u017eaj \u2013 novu dje\u010dju planinarsku pou\u010dnu stazu dugu 1,3 km, koja \u0107e sve\u010dano biti otvorena, 18. srpnja 2025. godine u 11 sati! \u00a0Dje\u010dja planinarska pou\u010dna staza \u201eFlora\u201c smje\u0161tena je u blizini suvenirnice i Ulaza 1 u Pe\u0107inski park Grabova\u010da. Idealna duljina, slikoviti krajolici [&hellip;]\" \/>\n<meta property=\"og:url\" content=\"https:\/\/pp-grabovaca.hr\/en\/2025\/07\/17\/sutra-otvorenje-djecje-planinarske-poucne-staze-u-pecinskom-parku-grabovaca\/\" \/>\n<meta property=\"og:site_name\" content=\"Pe\u0107inski park Grabova\u010da\" \/>\n<meta property=\"article:publisher\" content=\"https:\/\/www.facebook.com\/Grabovaca\/\" \/>\n<meta property=\"article:published_time\" content=\"2025-07-17T12:39:04+00:00\" \/>\n<meta property=\"og:image\" content=\"https:\/\/pp-grabovaca.hr\/wp-content\/uploads\/2025\/07\/ULAZ-U-PECINSKI-PARK.jpg\" \/>\n\t<meta property=\"og:image:width\" content=\"2016\" \/>\n\t<meta property=\"og:image:height\" content=\"1512\" \/>\n\t<meta property=\"og:image:type\" content=\"image\/jpeg\" \/>\n<meta name=\"author\" content=\"PP Grabovaca\" \/>\n<meta name=\"twitter:card\" content=\"summary_large_image\" \/>\n<meta name=\"twitter:label1\" content=\"Written by\" \/>\n\t<meta name=\"twitter:data1\" content=\"PP Grabovaca\" \/>\n\t<meta name=\"twitter:label2\" content=\"Est. reading time\" \/>\n\t<meta name=\"twitter:data2\" content=\"1 minute\" \/>\n<script type=\"application\/ld+json\" class=\"yoast-schema-graph\">{\"@context\":\"https:\\\/\\\/schema.org\",\"@graph\":[{\"@type\":\"Article\",\"@id\":\"https:\\\/\\\/pp-grabovaca.hr\\\/2025\\\/07\\\/17\\\/sutra-otvorenje-djecje-planinarske-poucne-staze-u-pecinskom-parku-grabovaca\\\/#article\",\"isPartOf\":{\"@id\":\"https:\\\/\\\/pp-grabovaca.hr\\\/2025\\\/07\\\/17\\\/sutra-otvorenje-djecje-planinarske-poucne-staze-u-pecinskom-parku-grabovaca\\\/\"},\"author\":{\"name\":\"PP Grabovaca\",\"@id\":\"https:\\\/\\\/pp-grabovaca.hr\\\/#\\\/schema\\\/person\\\/6484d399df0e436612c87e91156d8a68\"},\"headline\":\"SUTRA OTVORENJE DJE\u010cJE PLANINARSKE POU\u010cNE STAZE U PE\u0106INSKOM PARKU GRABOVA\u010cA\",\"datePublished\":\"2025-07-17T12:39:04+00:00\",\"mainEntityOfPage\":{\"@id\":\"https:\\\/\\\/pp-grabovaca.hr\\\/2025\\\/07\\\/17\\\/sutra-otvorenje-djecje-planinarske-poucne-staze-u-pecinskom-parku-grabovaca\\\/\"},\"wordCount\":188,\"commentCount\":0,\"publisher\":{\"@id\":\"https:\\\/\\\/pp-grabovaca.hr\\\/#organization\"},\"image\":{\"@id\":\"https:\\\/\\\/pp-grabovaca.hr\\\/2025\\\/07\\\/17\\\/sutra-otvorenje-djecje-planinarske-poucne-staze-u-pecinskom-parku-grabovaca\\\/#primaryimage\"},\"thumbnailUrl\":\"https:\\\/\\\/pp-grabovaca.hr\\\/wp-content\\\/uploads\\\/2025\\\/07\\\/ULAZ-U-PECINSKI-PARK.jpg\",\"articleSection\":[\"Najnoviji \u010dlanci\"],\"inLanguage\":\"en-US\",\"potentialAction\":[{\"@type\":\"CommentAction\",\"name\":\"Comment\",\"target\":[\"https:\\\/\\\/pp-grabovaca.hr\\\/2025\\\/07\\\/17\\\/sutra-otvorenje-djecje-planinarske-poucne-staze-u-pecinskom-parku-grabovaca\\\/#respond\"]}]},{\"@type\":\"WebPage\",\"@id\":\"https:\\\/\\\/pp-grabovaca.hr\\\/2025\\\/07\\\/17\\\/sutra-otvorenje-djecje-planinarske-poucne-staze-u-pecinskom-parku-grabovaca\\\/\",\"url\":\"https:\\\/\\\/pp-grabovaca.hr\\\/2025\\\/07\\\/17\\\/sutra-otvorenje-djecje-planinarske-poucne-staze-u-pecinskom-parku-grabovaca\\\/\",\"name\":\"SUTRA OTVORENJE DJE\u010cJE PLANINARSKE POU\u010cNE STAZE U PE\u0106INSKOM PARKU GRABOVA\u010cA - Pe\u0107inski park Grabova\u010da\",\"isPartOf\":{\"@id\":\"https:\\\/\\\/pp-grabovaca.hr\\\/#website\"},\"primaryImageOfPage\":{\"@id\":\"https:\\\/\\\/pp-grabovaca.hr\\\/2025\\\/07\\\/17\\\/sutra-otvorenje-djecje-planinarske-poucne-staze-u-pecinskom-parku-grabovaca\\\/#primaryimage\"},\"image\":{\"@id\":\"https:\\\/\\\/pp-grabovaca.hr\\\/2025\\\/07\\\/17\\\/sutra-otvorenje-djecje-planinarske-poucne-staze-u-pecinskom-parku-grabovaca\\\/#primaryimage\"},\"thumbnailUrl\":\"https:\\\/\\\/pp-grabovaca.hr\\\/wp-content\\\/uploads\\\/2025\\\/07\\\/ULAZ-U-PECINSKI-PARK.jpg\",\"datePublished\":\"2025-07-17T12:39:04+00:00\",\"breadcrumb\":{\"@id\":\"https:\\\/\\\/pp-grabovaca.hr\\\/2025\\\/07\\\/17\\\/sutra-otvorenje-djecje-planinarske-poucne-staze-u-pecinskom-parku-grabovaca\\\/#breadcrumb\"},\"inLanguage\":\"en-US\",\"potentialAction\":[{\"@type\":\"ReadAction\",\"target\":[\"https:\\\/\\\/pp-grabovaca.hr\\\/2025\\\/07\\\/17\\\/sutra-otvorenje-djecje-planinarske-poucne-staze-u-pecinskom-parku-grabovaca\\\/\"]}]},{\"@type\":\"ImageObject\",\"inLanguage\":\"en-US\",\"@id\":\"https:\\\/\\\/pp-grabovaca.hr\\\/2025\\\/07\\\/17\\\/sutra-otvorenje-djecje-planinarske-poucne-staze-u-pecinskom-parku-grabovaca\\\/#primaryimage\",\"url\":\"https:\\\/\\\/pp-grabovaca.hr\\\/wp-content\\\/uploads\\\/2025\\\/07\\\/ULAZ-U-PECINSKI-PARK.jpg\",\"contentUrl\":\"https:\\\/\\\/pp-grabovaca.hr\\\/wp-content\\\/uploads\\\/2025\\\/07\\\/ULAZ-U-PECINSKI-PARK.jpg\",\"width\":2016,\"height\":1512},{\"@type\":\"BreadcrumbList\",\"@id\":\"https:\\\/\\\/pp-grabovaca.hr\\\/2025\\\/07\\\/17\\\/sutra-otvorenje-djecje-planinarske-poucne-staze-u-pecinskom-parku-grabovaca\\\/#breadcrumb\",\"itemListElement\":[{\"@type\":\"ListItem\",\"position\":1,\"name\":\"Po\u010detna stranica\",\"item\":\"https:\\\/\\\/pp-grabovaca.hr\\\/\"},{\"@type\":\"ListItem\",\"position\":2,\"name\":\"SUTRA OTVORENJE DJE\u010cJE PLANINARSKE POU\u010cNE STAZE U PE\u0106INSKOM PARKU GRABOVA\u010cA\"}]},{\"@type\":\"WebSite\",\"@id\":\"https:\\\/\\\/pp-grabovaca.hr\\\/#website\",\"url\":\"https:\\\/\\\/pp-grabovaca.hr\\\/\",\"name\":\"Pe\u0107inski park Grabova\u010da\",\"description\":\"Discover the underground, discover yourself\",\"publisher\":{\"@id\":\"https:\\\/\\\/pp-grabovaca.hr\\\/#organization\"},\"potentialAction\":[{\"@type\":\"SearchAction\",\"target\":{\"@type\":\"EntryPoint\",\"urlTemplate\":\"https:\\\/\\\/pp-grabovaca.hr\\\/?s={search_term_string}\"},\"query-input\":{\"@type\":\"PropertyValueSpecification\",\"valueRequired\":true,\"valueName\":\"search_term_string\"}}],\"inLanguage\":\"en-US\"},{\"@type\":\"Organization\",\"@id\":\"https:\\\/\\\/pp-grabovaca.hr\\\/#organization\",\"name\":\"Pe\u0107inski park Grabova\u010da\",\"url\":\"https:\\\/\\\/pp-grabovaca.hr\\\/\",\"logo\":{\"@type\":\"ImageObject\",\"inLanguage\":\"en-US\",\"@id\":\"https:\\\/\\\/pp-grabovaca.hr\\\/#\\\/schema\\\/logo\\\/image\\\/\",\"url\":\"https:\\\/\\\/pp-grabovaca.hr\\\/wp-content\\\/uploads\\\/2021\\\/12\\\/cropped-logo-grabovaca.jpg\",\"contentUrl\":\"https:\\\/\\\/pp-grabovaca.hr\\\/wp-content\\\/uploads\\\/2021\\\/12\\\/cropped-logo-grabovaca.jpg\",\"width\":403,\"height\":246,\"caption\":\"Pe\u0107inski park Grabova\u010da\"},\"image\":{\"@id\":\"https:\\\/\\\/pp-grabovaca.hr\\\/#\\\/schema\\\/logo\\\/image\\\/\"},\"sameAs\":[\"https:\\\/\\\/www.facebook.com\\\/Grabovaca\\\/\",\"https:\\\/\\\/www.instagram.com\\\/park.grabovaca\\\/\"]},{\"@type\":\"Person\",\"@id\":\"https:\\\/\\\/pp-grabovaca.hr\\\/#\\\/schema\\\/person\\\/6484d399df0e436612c87e91156d8a68\",\"name\":\"PP Grabovaca\",\"image\":{\"@type\":\"ImageObject\",\"inLanguage\":\"en-US\",\"@id\":\"https:\\\/\\\/secure.gravatar.com\\\/avatar\\\/f846374052eea7742d5032c273310cde92abab0639d6f915946939ba8c23c0f5?s=96&d=mm&r=g\",\"url\":\"https:\\\/\\\/secure.gravatar.com\\\/avatar\\\/f846374052eea7742d5032c273310cde92abab0639d6f915946939ba8c23c0f5?s=96&d=mm&r=g\",\"contentUrl\":\"https:\\\/\\\/secure.gravatar.com\\\/avatar\\\/f846374052eea7742d5032c273310cde92abab0639d6f915946939ba8c23c0f5?s=96&d=mm&r=g\",\"caption\":\"PP Grabovaca\"},\"url\":\"https:\\\/\\\/pp-grabovaca.hr\\\/en\\\/author\\\/ppgrabovaca\\\/\"}]}<\/script>\n<!-- \/ Yoast SEO plugin. -->","yoast_head_json":{"title":"SUTRA OTVORENJE DJE\u010cJE PLANINARSKE POU\u010cNE STAZE U PE\u0106INSKOM PARKU GRABOVA\u010cA - Pe\u0107inski park Grabova\u010da","robots":{"index":"index","follow":"follow","max-snippet":"max-snippet:-1","max-image-preview":"max-image-preview:large","max-video-preview":"max-video-preview:-1"},"canonical":"https:\/\/pp-grabovaca.hr\/en\/2025\/07\/17\/sutra-otvorenje-djecje-planinarske-poucne-staze-u-pecinskom-parku-grabovaca\/","og_locale":"en_US","og_type":"article","og_title":"SUTRA OTVORENJE DJE\u010cJE PLANINARSKE POU\u010cNE STAZE U PE\u0106INSKOM PARKU GRABOVA\u010cA - Pe\u0107inski park Grabova\u010da","og_description":"Pe\u0107inski park Grabova\u010da od sutra \u0107e biti bogatiji za jo\u0161 jedan zanimljiv sadr\u017eaj \u2013 novu dje\u010dju planinarsku pou\u010dnu stazu dugu 1,3 km, koja \u0107e sve\u010dano biti otvorena, 18. srpnja 2025. godine u 11 sati! \u00a0Dje\u010dja planinarska pou\u010dna staza \u201eFlora\u201c smje\u0161tena je u blizini suvenirnice i Ulaza 1 u Pe\u0107inski park Grabova\u010da. Idealna duljina, slikoviti krajolici [&hellip;]","og_url":"https:\/\/pp-grabovaca.hr\/en\/2025\/07\/17\/sutra-otvorenje-djecje-planinarske-poucne-staze-u-pecinskom-parku-grabovaca\/","og_site_name":"Pe\u0107inski park Grabova\u010da","article_publisher":"https:\/\/www.facebook.com\/Grabovaca\/","article_published_time":"2025-07-17T12:39:04+00:00","og_image":[{"width":2016,"height":1512,"url":"https:\/\/pp-grabovaca.hr\/wp-content\/uploads\/2025\/07\/ULAZ-U-PECINSKI-PARK.jpg","type":"image\/jpeg"}],"author":"PP Grabovaca","twitter_card":"summary_large_image","twitter_misc":{"Written by":"PP Grabovaca","Est. reading time":"1 minute"},"schema":{"@context":"https:\/\/schema.org","@graph":[{"@type":"Article","@id":"https:\/\/pp-grabovaca.hr\/2025\/07\/17\/sutra-otvorenje-djecje-planinarske-poucne-staze-u-pecinskom-parku-grabovaca\/#article","isPartOf":{"@id":"https:\/\/pp-grabovaca.hr\/2025\/07\/17\/sutra-otvorenje-djecje-planinarske-poucne-staze-u-pecinskom-parku-grabovaca\/"},"author":{"name":"PP Grabovaca","@id":"https:\/\/pp-grabovaca.hr\/#\/schema\/person\/6484d399df0e436612c87e91156d8a68"},"headline":"SUTRA OTVORENJE DJE\u010cJE PLANINARSKE POU\u010cNE STAZE U PE\u0106INSKOM PARKU GRABOVA\u010cA","datePublished":"2025-07-17T12:39:04+00:00","mainEntityOfPage":{"@id":"https:\/\/pp-grabovaca.hr\/2025\/07\/17\/sutra-otvorenje-djecje-planinarske-poucne-staze-u-pecinskom-parku-grabovaca\/"},"wordCount":188,"commentCount":0,"publisher":{"@id":"https:\/\/pp-grabovaca.hr\/#organization"},"image":{"@id":"https:\/\/pp-grabovaca.hr\/2025\/07\/17\/sutra-otvorenje-djecje-planinarske-poucne-staze-u-pecinskom-parku-grabovaca\/#primaryimage"},"thumbnailUrl":"https:\/\/pp-grabovaca.hr\/wp-content\/uploads\/2025\/07\/ULAZ-U-PECINSKI-PARK.jpg","articleSection":["Najnoviji \u010dlanci"],"inLanguage":"en-US","potentialAction":[{"@type":"CommentAction","name":"Comment","target":["https:\/\/pp-grabovaca.hr\/2025\/07\/17\/sutra-otvorenje-djecje-planinarske-poucne-staze-u-pecinskom-parku-grabovaca\/#respond"]}]},{"@type":"WebPage","@id":"https:\/\/pp-grabovaca.hr\/2025\/07\/17\/sutra-otvorenje-djecje-planinarske-poucne-staze-u-pecinskom-parku-grabovaca\/","url":"https:\/\/pp-grabovaca.hr\/2025\/07\/17\/sutra-otvorenje-djecje-planinarske-poucne-staze-u-pecinskom-parku-grabovaca\/","name":"SUTRA OTVORENJE DJE\u010cJE PLANINARSKE POU\u010cNE STAZE U PE\u0106INSKOM PARKU GRABOVA\u010cA - Pe\u0107inski park Grabova\u010da","isPartOf":{"@id":"https:\/\/pp-grabovaca.hr\/#website"},"primaryImageOfPage":{"@id":"https:\/\/pp-grabovaca.hr\/2025\/07\/17\/sutra-otvorenje-djecje-planinarske-poucne-staze-u-pecinskom-parku-grabovaca\/#primaryimage"},"image":{"@id":"https:\/\/pp-grabovaca.hr\/2025\/07\/17\/sutra-otvorenje-djecje-planinarske-poucne-staze-u-pecinskom-parku-grabovaca\/#primaryimage"},"thumbnailUrl":"https:\/\/pp-grabovaca.hr\/wp-content\/uploads\/2025\/07\/ULAZ-U-PECINSKI-PARK.jpg","datePublished":"2025-07-17T12:39:04+00:00","breadcrumb":{"@id":"https:\/\/pp-grabovaca.hr\/2025\/07\/17\/sutra-otvorenje-djecje-planinarske-poucne-staze-u-pecinskom-parku-grabovaca\/#breadcrumb"},"inLanguage":"en-US","potentialAction":[{"@type":"ReadAction","target":["https:\/\/pp-grabovaca.hr\/2025\/07\/17\/sutra-otvorenje-djecje-planinarske-poucne-staze-u-pecinskom-parku-grabovaca\/"]}]},{"@type":"ImageObject","inLanguage":"en-US","@id":"https:\/\/pp-grabovaca.hr\/2025\/07\/17\/sutra-otvorenje-djecje-planinarske-poucne-staze-u-pecinskom-parku-grabovaca\/#primaryimage","url":"https:\/\/pp-grabovaca.hr\/wp-content\/uploads\/2025\/07\/ULAZ-U-PECINSKI-PARK.jpg","contentUrl":"https:\/\/pp-grabovaca.hr\/wp-content\/uploads\/2025\/07\/ULAZ-U-PECINSKI-PARK.jpg","width":2016,"height":1512},{"@type":"BreadcrumbList","@id":"https:\/\/pp-grabovaca.hr\/2025\/07\/17\/sutra-otvorenje-djecje-planinarske-poucne-staze-u-pecinskom-parku-grabovaca\/#breadcrumb","itemListElement":[{"@type":"ListItem","position":1,"name":"Po\u010detna stranica","item":"https:\/\/pp-grabovaca.hr\/"},{"@type":"ListItem","position":2,"name":"SUTRA OTVORENJE DJE\u010cJE PLANINARSKE POU\u010cNE STAZE U PE\u0106INSKOM PARKU GRABOVA\u010cA"}]},{"@type":"WebSite","@id":"https:\/\/pp-grabovaca.hr\/#website","url":"https:\/\/pp-grabovaca.hr\/","name":"Cave Park Grabova\u010da","description":"Discover the underground, discover yourself","publisher":{"@id":"https:\/\/pp-grabovaca.hr\/#organization"},"potentialAction":[{"@type":"SearchAction","target":{"@type":"EntryPoint","urlTemplate":"https:\/\/pp-grabovaca.hr\/?s={search_term_string}"},"query-input":{"@type":"PropertyValueSpecification","valueRequired":true,"valueName":"search_term_string"}}],"inLanguage":"en-US"},{"@type":"Organization","@id":"https:\/\/pp-grabovaca.hr\/#organization","name":"Cave Park Grabova\u010da","url":"https:\/\/pp-grabovaca.hr\/","logo":{"@type":"ImageObject","inLanguage":"en-US","@id":"https:\/\/pp-grabovaca.hr\/#\/schema\/logo\/image\/","url":"https:\/\/pp-grabovaca.hr\/wp-content\/uploads\/2021\/12\/cropped-logo-grabovaca.jpg","contentUrl":"https:\/\/pp-grabovaca.hr\/wp-content\/uploads\/2021\/12\/cropped-logo-grabovaca.jpg","width":403,"height":246,"caption":"Pe\u0107inski park Grabova\u010da"},"image":{"@id":"https:\/\/pp-grabovaca.hr\/#\/schema\/logo\/image\/"},"sameAs":["https:\/\/www.facebook.com\/Grabovaca\/","https:\/\/www.instagram.com\/park.grabovaca\/"]},{"@type":"Person","@id":"https:\/\/pp-grabovaca.hr\/#\/schema\/person\/6484d399df0e436612c87e91156d8a68","name":"PP Grabovaca","image":{"@type":"ImageObject","inLanguage":"en-US","@id":"https:\/\/secure.gravatar.com\/avatar\/f846374052eea7742d5032c273310cde92abab0639d6f915946939ba8c23c0f5?s=96&d=mm&r=g","url":"https:\/\/secure.gravatar.com\/avatar\/f846374052eea7742d5032c273310cde92abab0639d6f915946939ba8c23c0f5?s=96&d=mm&r=g","contentUrl":"https:\/\/secure.gravatar.com\/avatar\/f846374052eea7742d5032c273310cde92abab0639d6f915946939ba8c23c0f5?s=96&d=mm&r=g","caption":"PP Grabovaca"},"url":"https:\/\/pp-grabovaca.hr\/en\/author\/ppgrabovaca\/"}]}},"_links":{"self":[{"href":"https:\/\/pp-grabovaca.hr\/en\/wp-json\/wp\/v2\/posts\/5602","targetHints":{"allow":["GET"]}}],"collection":[{"href":"https:\/\/pp-grabovaca.hr\/en\/wp-json\/wp\/v2\/posts"}],"about":[{"href":"https:\/\/pp-grabovaca.hr\/en\/wp-json\/wp\/v2\/types\/post"}],"author":[{"embeddable":true,"href":"https:\/\/pp-grabovaca.hr\/en\/wp-json\/wp\/v2\/users\/3"}],"replies":[{"embeddable":true,"href":"https:\/\/pp-grabovaca.hr\/en\/wp-json\/wp\/v2\/comments?post=5602"}],"version-history":[{"count":1,"href":"https:\/\/pp-grabovaca.hr\/en\/wp-json\/wp\/v2\/posts\/5602\/revisions"}],"predecessor-version":[{"id":5604,"href":"https:\/\/pp-grabovaca.hr\/en\/wp-json\/wp\/v2\/posts\/5602\/revisions\/5604"}],"wp:featuredmedia":[{"embeddable":true,"href":"https:\/\/pp-grabovaca.hr\/en\/wp-json\/wp\/v2\/media\/5603"}],"wp:attachment":[{"href":"https:\/\/pp-grabovaca.hr\/en\/wp-json\/wp\/v2\/media?parent=5602"}],"wp:term":[{"taxonomy":"category","embeddable":true,"href":"https:\/\/pp-grabovaca.hr\/en\/wp-json\/wp\/v2\/categories?post=5602"},{"taxonomy":"post_tag","embeddable":true,"href":"https:\/\/pp-grabovaca.hr\/en\/wp-json\/wp\/v2\/tags?post=5602"}],"curies":[{"name":"wp","href":"https:\/\/api.w.org\/{rel}","templated":true}]}}